{"id":2873,"date":"2011-07-28T15:32:48","date_gmt":"2011-07-28T19:32:48","guid":{"rendered":"http:\/\/www.hariovaldo.com.br\/site\/?p=2873"},"modified":"2011-07-28T15:32:48","modified_gmt":"2011-07-28T19:32:48","slug":"apedeuta-lanca-candidatura-de-turco-bolchevique-a-alcaide-da-locomotiva","status":"publish","type":"post","link":"https:\/\/www.hariovaldo.com.br\/site\/2011\/07\/28\/apedeuta-lanca-candidatura-de-turco-bolchevique-a-alcaide-da-locomotiva\/","title":{"rendered":"Apedeuta lan\u00e7a candidatura de turco bolchevique a alcaide da locomotiva."},"content":{"rendered":"<figure id=\"attachment_37221\" aria-describedby=\"caption-attachment-37221\" style=\"width: 300px\" class=\"wp-caption aligncenter\"><a href=\"http:\/\/www.cartacapital.com.br\/wp-content\/uploads\/2011\/07\/img1177489.113201.jpg\"><img fetchpriority=\"high\" decoding=\"async\" class=\"size-medium wp-image-37221 \" src=\"http:\/\/www.cartacapital.com.br\/wp-content\/uploads\/2011\/07\/img1177489.113201-300x211.jpg\" alt=\"\" width=\"300\" height=\"211\" \/><\/a><figcaption id=\"caption-attachment-37221\" class=\"wp-caption-text\">Lula faz ora\u00e7\u00e3o mefistof\u00e9lica, enviando o disc\u00edpulo para a vil miss\u00e3o.<\/figcaption><\/figure>\n<p>O vil Mefisto de Garanhuns, em not\u00f3rio acinte aos homens bons da locomotiva do pa\u00eds, com o interesse \u00fanico de derrubar este que tem sido o \u00faltimo basti\u00e3o da democracia auriverde, planeja usurpar o trono do pujante burgo.<\/p>\n<p>N\u00e3o bastando ter, em odiosa a\u00e7\u00e3o, manipulado a fraca mente do atual alcaide, que pulou da nau dos homens bons, fundando sua pr\u00f3pria agremia\u00e7\u00e3o comunista, o batr\u00e1quio agora<span style=\"color: #ff0000;\"><a href=\"http:\/\/www.cartacapital.com.br\/politica\/haddad-paz-e-amor-2\"><span style=\"color: #ff0000;\"> lan\u00e7a<\/span><\/a><\/span> seu disc\u00edpulo mais fiel para o posto de alcaide da S\u00e3o paulo de Pyratininga.<\/p>\n<p>Haddad foi escolhido ap\u00f3s os desservi\u00e7os prestados \u00e0 na\u00e7\u00e3o, como a edi\u00e7\u00e3o da <span style=\"color: #ff0000;\"><a href=\"https:\/\/www.hariovaldo.com.br\/site\/2011\/05\/19\/governo-adota-o-comunismo-linguistico-contra-os-homens-de-bem\/\"><span style=\"color: #ff0000;\">cartilha comuno-lingu\u00edstica<\/span><\/a><\/span>, bravamente denunciada por Mestre Hari neste sacrossanto espa\u00e7o, e o<span style=\"color: #ff0000;\"><a href=\"http:\/\/www.conversaafiada.com.br\/antigo\/?p=19394\"><span style=\"color: #ff0000;\"> roubo das provas do ENEM<\/span><\/a><\/span>, realizado por agentes da KGB infiltrados na gr\u00e1fica do Di\u00e1rio dos Homens Bons.<\/p>\n<p>Devemos desde j\u00e1 preparar nossas trincheiras,\u00a0 convocar Dom Jos\u00e9,\u00a0 para que mais uma vez se lance \u00e0 candidatura \u00e0 prefeitura, registrando mais uma vez em cart\u00f3rio seu compromisso de n\u00e3o deix\u00e1-la nunca.<\/p>\n<p>Devemos, tal qual os cruzados, impedir a invas\u00e3o deste mouro \u00e0s terras sob nossa prote\u00e7\u00e3o.<\/p>\n<p>Levantai as muralhas! Preparai a cavalaria! Lutai!<\/p>\n<p>&nbsp;<\/p>\n<p>&nbsp;<\/p>\n","protected":false},"excerpt":{"rendered":"<p>O vil Mefisto de Garanhuns, em not\u00f3rio acinte aos homens bons da locomotiva do pa\u00eds, com o interesse \u00fanico de derrubar este que tem sido o \u00faltimo basti\u00e3o da democracia auriverde, planeja usurpar o trono do pujante burgo. N\u00e3o bastando ter, em&hellip;<\/p>\n","protected":false},"author":19,"featured_media":0,"comment_status":"open","ping_status":"open","sticky":false,"template":"","format":"standard","meta":{"_bbp_topic_count":0,"_bbp_reply_count":0,"_bbp_total_topic_count":0,"_bbp_total_reply_count":0,"_bbp_voice_count":0,"_bbp_anonymous_reply_count":0,"_bbp_topic_count_hidden":0,"_bbp_reply_count_hidden":0,"_bbp_forum_subforum_count":0,"_jetpack_memberships_contains_paid_content":false,"footnotes":""},"categories":[15],"tags":[83,960,1656,2066],"class_list":["post-2873","post","type-post","status-publish","format-standard","hentry","category-plano-condor-vermelho","tag-alcaide","tag-haddad","tag-prefeito","tag-usurpacao"],"jetpack_featured_media_url":"","jetpack_sharing_enabled":true,"_links":{"self":[{"href":"https:\/\/www.hariovaldo.com.br\/site\/wp-json\/wp\/v2\/posts\/2873","targetHints":{"allow":["GET"]}}],"collection":[{"href":"https:\/\/www.hariovaldo.com.br\/site\/wp-json\/wp\/v2\/posts"}],"about":[{"href":"https:\/\/www.hariovaldo.com.br\/site\/wp-json\/wp\/v2\/types\/post"}],"author":[{"embeddable":true,"href":"https:\/\/www.hariovaldo.com.br\/site\/wp-json\/wp\/v2\/users\/19"}],"replies":[{"embeddable":true,"href":"https:\/\/www.hariovaldo.com.br\/site\/wp-json\/wp\/v2\/comments?post=2873"}],"version-history":[{"count":0,"href":"https:\/\/www.hariovaldo.com.br\/site\/wp-json\/wp\/v2\/posts\/2873\/revisions"}],"wp:attachment":[{"href":"https:\/\/www.hariovaldo.com.br\/site\/wp-json\/wp\/v2\/media?parent=2873"}],"wp:term":[{"taxonomy":"category","embeddable":true,"href":"https:\/\/www.hariovaldo.com.br\/site\/wp-json\/wp\/v2\/categories?post=2873"},{"taxonomy":"post_tag","embeddable":true,"href":"https:\/\/www.hariovaldo.com.br\/site\/wp-json\/wp\/v2\/tags?post=2873"}],"curies":[{"name":"wp","href":"https:\/\/api.w.org\/{rel}","templated":true}]}}