{"id":6892,"date":"2013-01-21T06:03:40","date_gmt":"2013-01-21T09:03:40","guid":{"rendered":"http:\/\/www.hariovaldo.com.br\/site\/?p=6892"},"modified":"2013-01-21T17:03:05","modified_gmt":"2013-01-21T20:03:05","slug":"faculdade-inexpressiva-e-sem-prestigio-apoia-juiz-comunista","status":"publish","type":"post","link":"https:\/\/www.hariovaldo.com.br\/site\/2013\/01\/21\/faculdade-inexpressiva-e-sem-prestigio-apoia-juiz-comunista\/","title":{"rendered":"Faculdade inexpressiva e sem prest\u00edgio apoia juiz comunista"},"content":{"rendered":"<p><img fetchpriority=\"high\" decoding=\"async\" class=\"alignnone aligncenter\" alt=\"\" src=\"http:\/\/bp3.blogger.com\/_lFzV1-ge2aU\/SHko5zGNjSI\/AAAAAAAAACc\/Zm-cnGrABfA\/s400\/Faculdade+de+Direito+do+Largo+S%C3%83%C2%A3o+Francisco+-+1862.jpg\" width=\"400\" height=\"300\" \/>N\u00e3o faltava mais nada. No \u00e2mbito da Academia, nada mais terr\u00edvel do que vermos vozes se levantando em favor daqueles fracassados, mesmo que tais vozes venham de faculdades inexpressivas, de algum cantinho esquecido do pa\u00eds, n\u00e3o podemos aceitar como v\u00e1lido esse clamor descabido por quem n\u00e3o merece. H\u00e1 que se perguntar, talvez, em que edi\u00e7\u00e3o do seman\u00e1rio dos homens bons ele apareceu positivamente na capa ou quantos <em>outdoors<\/em> foram feitos com sua imagem,\u00a0 com qual her\u00f3i marv\u00e9lico ele foi comparado para ser merecedor dessa distin\u00e7\u00e3o?<\/p>\n<figure style=\"width: 400px\" class=\"wp-caption aligncenter\"><img decoding=\"async\" alt=\"\" src=\"http:\/\/www.ambito-juridico.com.br\/upload\/noticias\/27920_lewandowski11042012.jpg\" width=\"400\" height=\"262\" \/><figcaption class=\"wp-caption-text\">Ministro Ricardo Lewandowski &#8211; Esse n\u00e3o \u00e9 um dos nossos.<\/figcaption><\/figure>\n<p>Um juiz que n\u00e3o serve aos homens bons e nem se submete aos ditames do estrato mais importante da nossa sociedade n\u00e3o \u00e9 digno de vestir a toga na Rep\u00fablica pelos nossos antepassados institu\u00edda. Por isso, <a href=\"http:\/\/www.advivo.com.br\/blog\/luisnassif\/lewandowski-recebe-voto-de-solidariedade-do-direito-da-usp\" target=\"_blank\">estranhamos esse apoio <\/a>e o tomamos como mais um acinte \u00e0queles que lutam para defenestrar os bolchevistas do poder e encarcer\u00e1-los perpetuamente na Ilha Grande. Lament\u00e1vel.<\/p>\n","protected":false},"excerpt":{"rendered":"<p>N\u00e3o faltava mais nada. No \u00e2mbito da Academia, nada mais terr\u00edvel do que vermos vozes se levantando em favor daqueles fracassados, mesmo que tais vozes venham de faculdades inexpressivas, de algum cantinho esquecido do pa\u00eds, n\u00e3o podemos aceitar como v\u00e1lido esse clamor&hellip;<\/p>\n","protected":false},"author":2,"featured_media":0,"comment_status":"open","ping_status":"open","sticky":false,"template":"","format":"standard","meta":{"_bbp_topic_count":0,"_bbp_reply_count":0,"_bbp_total_topic_count":0,"_bbp_total_reply_count":0,"_bbp_voice_count":0,"_bbp_anonymous_reply_count":0,"_bbp_topic_count_hidden":0,"_bbp_reply_count_hidden":0,"_bbp_forum_subforum_count":0,"_jetpack_memberships_contains_paid_content":false,"footnotes":""},"categories":[17],"tags":[606,2340,2341,1922,2065],"class_list":["post-6892","post","type-post","status-publish","format-standard","hentry","category-relatos-pessoais","tag-direito","tag-largo-sao-francisco","tag-lewandowski","tag-stf","tag-usp"],"jetpack_featured_media_url":"","jetpack_sharing_enabled":true,"_links":{"self":[{"href":"https:\/\/www.hariovaldo.com.br\/site\/wp-json\/wp\/v2\/posts\/6892","targetHints":{"allow":["GET"]}}],"collection":[{"href":"https:\/\/www.hariovaldo.com.br\/site\/wp-json\/wp\/v2\/posts"}],"about":[{"href":"https:\/\/www.hariovaldo.com.br\/site\/wp-json\/wp\/v2\/types\/post"}],"author":[{"embeddable":true,"href":"https:\/\/www.hariovaldo.com.br\/site\/wp-json\/wp\/v2\/users\/2"}],"replies":[{"embeddable":true,"href":"https:\/\/www.hariovaldo.com.br\/site\/wp-json\/wp\/v2\/comments?post=6892"}],"version-history":[{"count":5,"href":"https:\/\/www.hariovaldo.com.br\/site\/wp-json\/wp\/v2\/posts\/6892\/revisions"}],"predecessor-version":[{"id":6895,"href":"https:\/\/www.hariovaldo.com.br\/site\/wp-json\/wp\/v2\/posts\/6892\/revisions\/6895"}],"wp:attachment":[{"href":"https:\/\/www.hariovaldo.com.br\/site\/wp-json\/wp\/v2\/media?parent=6892"}],"wp:term":[{"taxonomy":"category","embeddable":true,"href":"https:\/\/www.hariovaldo.com.br\/site\/wp-json\/wp\/v2\/categories?post=6892"},{"taxonomy":"post_tag","embeddable":true,"href":"https:\/\/www.hariovaldo.com.br\/site\/wp-json\/wp\/v2\/tags?post=6892"}],"curies":[{"name":"wp","href":"https:\/\/api.w.org\/{rel}","templated":true}]}}